{"id":558,"date":"2022-05-06T12:41:55","date_gmt":"2022-05-06T12:41:55","guid":{"rendered":"https:\/\/timeless-perspective.com\/?p=558"},"modified":"2022-06-02T16:02:53","modified_gmt":"2022-06-02T16:02:53","slug":"visite-uma-igreja","status":"publish","type":"post","link":"https:\/\/timeless-perspective.com\/fr\/2022\/05\/06\/visite-uma-igreja\/","title":{"rendered":"Visiter une \u00e9glise"},"content":{"rendered":"<div data-elementor-type=\"wp-post\" data-elementor-id=\"558\" class=\"elementor elementor-558\">\n\t\t\t\t\t\t\t\t\t<section class=\"elementor-section elementor-top-section elementor-element elementor-element-3b30cfd2 elementor-section-boxed elementor-section-height-default elementor-section-height-default\" data-id=\"3b30cfd2\" data-element_type=\"section\" data-settings=\"{&quot;jet_parallax_layout_list&quot;:[]}\">\n\t\t\t\t\t\t<div class=\"elementor-container elementor-column-gap-default\">\n\t\t\t\t\t<div class=\"elementor-column elementor-col-100 elementor-top-column elementor-element elementor-element-7e3df537\" data-id=\"7e3df537\" data-element_type=\"column\">\n\t\t\t<div class=\"elementor-widget-wrap elementor-element-populated\">\n\t\t\t\t\t\t\t\t<div class=\"elementor-element elementor-element-3d31f0d5 elementor-widget elementor-widget-text-editor\" data-id=\"3d31f0d5\" data-element_type=\"widget\" data-widget_type=\"text-editor.default\">\n\t\t\t\t<div class=\"elementor-widget-container\">\n\t\t\t<style>\/*! elementor - v3.9.2 - 21-12-2022 *\/\n.elementor-widget-text-editor.elementor-drop-cap-view-stacked .elementor-drop-cap{background-color:#818a91;color:#fff}.elementor-widget-text-editor.elementor-drop-cap-view-framed .elementor-drop-cap{color:#818a91;border:3px solid;background-color:transparent}.elementor-widget-text-editor:not(.elementor-drop-cap-view-default) .elementor-drop-cap{margin-top:8px}.elementor-widget-text-editor:not(.elementor-drop-cap-view-default) .elementor-drop-cap-letter{width:1em;height:1em}.elementor-widget-text-editor .elementor-drop-cap{float:left;text-align:center;line-height:1;font-size:50px}.elementor-widget-text-editor .elementor-drop-cap-letter{display:inline-block}<\/style>\t\t\t\t<p>Vous n&#039;aurez aucun mal \u00e0 trouver une belle \u00e9glise en Algarve, avec quelques \u0153uvres d&#039;art authentiques.<\/p>\t\t\t\t\t\t<\/div>\n\t\t\t\t<\/div>\n\t\t\t\t<div class=\"elementor-element elementor-element-a5900a8 elementor-widget elementor-widget-text-editor\" data-id=\"a5900a8\" data-element_type=\"widget\" data-widget_type=\"text-editor.default\">\n\t\t\t\t<div class=\"elementor-widget-container\">\n\t\t\t\t\t\t\t<p><span style=\"color: var( --e-global-color-text ); font-family: var( --e-global-typography-text-font-family ), Sans-serif; font-weight: var( --e-global-typography-text-font-weight );\">En 1266, les travaux commenc\u00e8rent la construction de la cath\u00e9drale de Silves, sur le site d&#039;une ancienne mosqu\u00e9e. La cath\u00e9drale est construite en style gothique et le ma\u00eetre-autel a \u00e9t\u00e9 reconstruit en style manu\u00e9lin apr\u00e8s le tremblement de terre de 1755.<\/span><\/p>\t\t\t\t\t\t<\/div>\n\t\t\t\t<\/div>\n\t\t\t\t<div class=\"elementor-element elementor-element-cb336fa elementor-widget elementor-widget-text-editor\" data-id=\"cb336fa\" data-element_type=\"widget\" data-widget_type=\"text-editor.default\">\n\t\t\t\t<div class=\"elementor-widget-container\">\n\t\t\t\t\t\t\t<p><span style=\"color: var( --e-global-color-text ); font-family: var( --e-global-typography-text-font-family ), Sans-serif; font-weight: var( --e-global-typography-text-font-weight );\">La cath\u00e9drale de Faro a \u00e9t\u00e9 construite en 1577, \u00e0 la suite du transfert de l&#039;\u00e9v\u00eaque de Silves \u00e0 Faro. Dans le pass\u00e9, un temple romain et une mosqu\u00e9e musulmane se dressaient sur le site o\u00f9 la cath\u00e9drale a \u00e9t\u00e9 construite. D\u00e9moli par les corsaires du comte d&#039;Essex en 1596, l&#039;\u00e9glise a \u00e9t\u00e9 restaur\u00e9e avec un nouveau ma\u00eetre-autel avec un retable mani\u00e9riste, orn\u00e9 de sculptures du XVIIe si\u00e8cle, bel exemple d&#039;art religieux.<\/span><\/p>\t\t\t\t\t\t<\/div>\n\t\t\t\t<\/div>\n\t\t\t\t<div class=\"elementor-element elementor-element-37bca4b elementor-widget elementor-widget-text-editor\" data-id=\"37bca4b\" data-element_type=\"widget\" data-widget_type=\"text-editor.default\">\n\t\t\t\t<div class=\"elementor-widget-container\">\n\t\t\t\t\t\t\t<p><span style=\"color: var( --e-global-color-text ); font-family: var( --e-global-typography-text-font-family ), Sans-serif; font-weight: var( --e-global-typography-text-font-weight );\">\u00c0 c\u00f4t\u00e9, le palais \u00e9piscopal (XVIIe si\u00e8cle) est un b\u00e2timent qui repr\u00e9sente le style ch\u00e3 (uni) de l&#039;architecture de l&#039;Algarve. Elle est orn\u00e9e d&#039;un magnifique ensemble de carreaux tr\u00e8s color\u00e9s de style baroque et rococo.<\/span><\/p>\t\t\t\t\t\t<\/div>\n\t\t\t\t<\/div>\n\t\t\t\t<div class=\"elementor-element elementor-element-c00a7cb elementor-widget elementor-widget-text-editor\" data-id=\"c00a7cb\" data-element_type=\"widget\" data-widget_type=\"text-editor.default\">\n\t\t\t\t<div class=\"elementor-widget-container\">\n\t\t\t\t\t\t\t<p><span style=\"color: var( --e-global-color-text ); font-family: var( --e-global-typography-text-font-family ), Sans-serif; font-weight: var( --e-global-typography-text-font-weight );\">Il y a 21 \u00e9glises \u00e0 Tavira; parmi eux se trouve l&#039;Igreja Matriz de Santa Maria do Castelo (XIIIe si\u00e8cle), qui poss\u00e8de trois retables de styles diff\u00e9rents et qui a remplac\u00e9 la mosqu\u00e9e.<\/span><\/p>\t\t\t\t\t\t<\/div>\n\t\t\t\t<\/div>\n\t\t\t\t<div class=\"elementor-element elementor-element-e7ff41e elementor-widget elementor-widget-text-editor\" data-id=\"e7ff41e\" data-element_type=\"widget\" data-widget_type=\"text-editor.default\">\n\t\t\t\t<div class=\"elementor-widget-container\">\n\t\t\t\t\t\t\t<p><span style=\"color: var( --e-global-color-text ); font-family: var( --e-global-typography-text-font-family ), Sans-serif; font-weight: var( --e-global-typography-text-font-weight );\">Pr\u00e8s d&#039;Arma\u00e7\u00e3o de Pera, vous trouverez la Capela dos Ossos, \u00e0 Largo do Oss\u00e1rio, Alcantarilha, \u00e0 3,9 km, 7 minutes en voiture.<\/span><\/p>\t\t\t\t\t\t<\/div>\n\t\t\t\t<\/div>\n\t\t\t\t\t<\/div>\n\t\t<\/div>\n\t\t\t\t\t\t\t<\/div>\n\t\t<\/section>\n\t\t\t\t\t\t\t<\/div>","protected":false},"excerpt":{"rendered":"<p>N\u00e3o ter\u00e1 dificuldade em encontrar uma bela igreja no Algarve, sendo algumas aut\u00eanticas pe\u00e7as de arte. Em 1266, come\u00e7aram os trabalhos de constru\u00e7\u00e3o da Catedral de Silves, no local de uma antiga mesquita. A catedral \u00e9 constru\u00edda em estilo g\u00f3tico e o altar-mor foi reconstru\u00eddo em estilo manuelino ap\u00f3s o terremoto de 1755. A Catedral [&hellip;]<\/p>","protected":false},"author":1,"featured_media":2527,"comment_status":"closed","ping_status":"closed","sticky":false,"template":"","format":"standard","meta":{"om_disable_all_campaigns":false,"_monsterinsights_skip_tracking":false,"_monsterinsights_sitenote_active":false,"_monsterinsights_sitenote_note":"","_monsterinsights_sitenote_category":0,"footnotes":""},"categories":[14,9],"tags":[],"class_list":["post-558","post","type-post","status-publish","format-standard","has-post-thumbnail","hentry","category-cultura","category-experiencias"],"aioseo_notices":[],"_links":{"self":[{"href":"https:\/\/timeless-perspective.com\/fr\/wp-json\/wp\/v2\/posts\/558","targetHints":{"allow":["GET"]}}],"collection":[{"href":"https:\/\/timeless-perspective.com\/fr\/wp-json\/wp\/v2\/posts"}],"about":[{"href":"https:\/\/timeless-perspective.com\/fr\/wp-json\/wp\/v2\/types\/post"}],"author":[{"embeddable":true,"href":"https:\/\/timeless-perspective.com\/fr\/wp-json\/wp\/v2\/users\/1"}],"replies":[{"embeddable":true,"href":"https:\/\/timeless-perspective.com\/fr\/wp-json\/wp\/v2\/comments?post=558"}],"version-history":[{"count":0,"href":"https:\/\/timeless-perspective.com\/fr\/wp-json\/wp\/v2\/posts\/558\/revisions"}],"wp:featuredmedia":[{"embeddable":true,"href":"https:\/\/timeless-perspective.com\/fr\/wp-json\/wp\/v2\/media\/2527"}],"wp:attachment":[{"href":"https:\/\/timeless-perspective.com\/fr\/wp-json\/wp\/v2\/media?parent=558"}],"wp:term":[{"taxonomy":"category","embeddable":true,"href":"https:\/\/timeless-perspective.com\/fr\/wp-json\/wp\/v2\/categories?post=558"},{"taxonomy":"post_tag","embeddable":true,"href":"https:\/\/timeless-perspective.com\/fr\/wp-json\/wp\/v2\/tags?post=558"}],"curies":[{"name":"wp","href":"https:\/\/api.w.org\/{rel}","templated":true}]}}